[{"@context":"https:\/\/schema.org\/","@type":"Article","@id":"https:\/\/www.ovod.cz\/vyrazte-na-paradni-dovolenou-s-celou-partou-pratel\/#Article","mainEntityOfPage":"https:\/\/www.ovod.cz\/vyrazte-na-paradni-dovolenou-s-celou-partou-pratel\/","headline":"Vyrazte na par\u00e1dn\u00ed dovolenou s celou partou p\u0159\u00e1tel","name":"Vyrazte na par\u00e1dn\u00ed dovolenou s celou partou p\u0159\u00e1tel","description":"Nejlep\u0161\u00ed dovolen\u00e9 jsou ty, na kter\u00e9 m\u016f\u017eete vyrazit s partou sv\u00fdch dobr\u00fdch p\u0159\u00e1tel. A\u0165 u\u017e je to na \u010dtrn\u00e1ct dn\u00ed, na m\u011bs\u00edc anebo jen na prodlou\u017een\u00fd v\u00edkend, v\u017edy m\u00e1te v takov\u00e9m p\u0159\u00edpad\u011b jistotu, \u017ee se nudit nebudete. Ov\u0161em p\u0159esuny v\u011bt\u0161\u00edho po\u010dtu osob z m\u00edsta na m\u00edsto b\u00fdvaj\u00ed zpravidla komplikovan\u00e9. T\u00edm sp\u00ed\u0161e, \u017ee p\u0159i takov\u00fdch p\u0159\u00edle\u017eitostech [&hellip;]","datePublished":"2018-07-01","dateModified":"2023-05-01","author":{"@type":"Person","@id":"https:\/\/www.ovod.cz\/author\/#Person","name":"","url":"https:\/\/www.ovod.cz\/author\/","identifier":1,"image":{"@type":"ImageObject","@id":"https:\/\/secure.gravatar.com\/avatar\/82449f5dd313bdc88befc1a2d3138ce45c5e7d5eeee84221e3cf7fbc184b80d3?s=96&d=mm&r=g","url":"https:\/\/secure.gravatar.com\/avatar\/82449f5dd313bdc88befc1a2d3138ce45c5e7d5eeee84221e3cf7fbc184b80d3?s=96&d=mm&r=g","height":96,"width":96}},"publisher":{"@type":"Organization","name":"ovod.cz","logo":{"@type":"ImageObject","@id":"\/logo.png","url":"\/logo.png","width":600,"height":60}},"image":{"@type":"ImageObject","@id":"https:\/\/www.ovod.cz\/wp-content\/uploads\/img_a320673_w1755_t1531986075.png","url":"https:\/\/www.ovod.cz\/wp-content\/uploads\/img_a320673_w1755_t1531986075.png","height":0,"width":0},"url":"https:\/\/www.ovod.cz\/vyrazte-na-paradni-dovolenou-s-celou-partou-pratel\/","about":["Business"],"wordCount":432,"articleBody":"       Nejlep\u0161\u00ed dovolen\u00e9 jsou ty, na kter\u00e9 m\u016f\u017eete vyrazit s partou sv\u00fdch dobr\u00fdch p\u0159\u00e1tel. A\u0165 u\u017e je to na \u010dtrn\u00e1ct dn\u00ed, na m\u011bs\u00edc anebo jen na prodlou\u017een\u00fd v\u00edkend, v\u017edy m\u00e1te v takov\u00e9m p\u0159\u00edpad\u011b jistotu, \u017ee se nudit nebudete. Ov\u0161em p\u0159esuny v\u011bt\u0161\u00edho po\u010dtu osob z m\u00edsta na m\u00edsto b\u00fdvaj\u00ed zpravidla komplikovan\u00e9. T\u00edm sp\u00ed\u0161e, \u017ee p\u0159i takov\u00fdch p\u0159\u00edle\u017eitostech zpravidla v\u0161ichni tou\u017e\u00ed po tom, aby mohli ji\u017e samotnou cestu str\u00e1vit v\u0161ichni pohromad\u011b a po\u0159\u00e1dn\u011b si ji u\u017e\u00edt. A je v\u00edce ne\u017e jist\u00e9, \u017ee po\u010det osob vy\u0161\u0161\u00ed ne\u017e p\u011bt se do klasick\u00e9ho osobn\u00edho automobilu neposkl\u00e1d\u00e1, t\u00edm sp\u00ed\u0161e, pokud m\u00e1te v pl\u00e1nu cestovat s v\u011bt\u0161\u00edm mno\u017estv\u00edm zavazadel. A vyrazit na cestu autobusem anebo vlakem sebou p\u0159in\u00e1\u0161\u00ed tak\u00e9 nem\u00e1lo r\u016fzn\u00fdch komplikac\u00ed, minim\u00e1ln\u011b ji\u017e to, \u017ee jen m\u00e1lokdy se stane, \u017ee byste mohli z m\u00edsta na m\u00edsto cestovat pouze jedn\u00edm spojem, a to p\u0159esn\u011b a\u017e na m\u00edsto ur\u010den\u00ed. V takov\u00fdch situac\u00edch tedy zb\u00fdv\u00e1 jen jedno nav\u00fdsost praktick\u00e9 a pohodln\u00e9 \u0159e\u0161en\u00ed a t\u00edm je, si vhodn\u00fd v\u016fz pronajmout. Je to levn\u00e9, efektivn\u00ed, a je to bez zbyte\u010dn\u00fdch komplikac\u00ed. Sta\u010d\u00ed nav\u0161t\u00edvit kvalitn\u00ed p\u016fj\u010dovnu dod\u00e1vek a vybrat si z nab\u00edzen\u00fdch vozidel k pron\u00e1jmu pr\u00e1v\u011b takov\u00e9, kter\u00e9 bude maxim\u00e1ln\u011b spl\u0148ovat va\u0161e po\u017eadavky. D\u00edky pronajat\u00e9 dod\u00e1vce se tak snadno a rychle p\u0159eprav\u00edte z m\u00edsta sv\u00e9ho bydli\u0161t\u011b a\u017e p\u0159esn\u011b tam, kde tou\u017e\u00edte b\u00fdt. A to v po\u010dtu osob, kter\u00fd v\u00e1m vyhovuje. V\u0161ichni tak budete moci cestovat spole\u010dn\u011b, spolu se sv\u00fdmi zavazadly, a p\u0159\u00edpadn\u011b i s hudebn\u00edmi n\u00e1stroji, tak\u017ee je jist\u00e9, \u017ee po dobu va\u0161\u00ed akce bude od za\u010d\u00e1tku a\u017e do konce veselo. Ov\u0161em pozor, je zde je\u0161t\u011b jedna mo\u017enost pro ty, kdo tou\u017e\u00ed po svobodn\u00e9m a pohodln\u00e9m cestov\u00e1n\u00ed, a dokonce ani nevlastn\u00ed \u0159idi\u010dsk\u00fd pr\u016fkaz anebo se zkr\u00e1tka ob\u00e1vaj\u00ed \u0159\u00eddit takov\u00e9 v\u011bt\u0161\u00ed vozidlo \u2013 dod\u00e1vku si toti\u017e m\u016f\u017eete pronajmout i s \u0159idi\u010dem! Jednozna\u010dn\u011b nen\u00ed nad \u010d\u00edm v\u00e1hat \u2013 za pau\u0161\u00e1ln\u00ed cenu budete m\u00edt k dispozici neomezen\u00fd po\u010det kilometr\u016f, d\u00e1lni\u010dn\u00ed zn\u00e1mku a modern\u011b vybaven\u00e9 kvalitn\u00ed vozidlo.                                                                                                                                                                                                                                                                                                                                                                                          3.3\/5 - (6 votes)        "},{"@context":"https:\/\/schema.org\/","@type":"BreadcrumbList","itemListElement":[{"@type":"ListItem","position":1,"name":"Vyrazte na par\u00e1dn\u00ed dovolenou s celou partou p\u0159\u00e1tel","item":"https:\/\/www.ovod.cz\/vyrazte-na-paradni-dovolenou-s-celou-partou-pratel\/#breadcrumbitem"}]}]