[{"@context":"https:\/\/schema.org\/","@type":"Article","@id":"https:\/\/www.ovod.cz\/na-vedomi-se-dava\/#Article","mainEntityOfPage":"https:\/\/www.ovod.cz\/na-vedomi-se-dava\/","headline":"Na v\u011bdom\u00ed se d\u00e1v\u00e1\u2026","name":"Na v\u011bdom\u00ed se d\u00e1v\u00e1\u2026","description":"Dejte pros\u00edm na v\u011bdom\u00ed v\u0161em va\u0161im p\u0159\u00e1tel\u016fm a zn\u00e1m\u00fdm, a samoz\u0159ejm\u011b cel\u00e9 \u0161irok\u00e9 a rozv\u011btven\u00e9 rodin\u011b, \u017ee se schyluje ke dni, kter\u00fd by m\u011bl b\u00fdt spr\u00e1vn\u011b naps\u00e1n b\u00edlou k\u0159\u00eddou do kom\u00edna, aby mohl vyk\u0159i\u010det do cel\u00e9ho sv\u011bta onu radostnou ud\u00e1lost, \u017ee pr\u00e1v\u011b vy budete nev\u011bstou a pr\u00e1v\u011b vy se stanete \u017eenichem. Mnohem lep\u0161\u00ed ne\u017e b\u00edl\u00e1 [&hellip;]","datePublished":"2025-08-21","dateModified":"2025-08-21","author":{"@type":"Person","@id":"https:\/\/www.ovod.cz\/author\/#Person","name":"","url":"https:\/\/www.ovod.cz\/author\/","identifier":1,"image":{"@type":"ImageObject","@id":"https:\/\/secure.gravatar.com\/avatar\/82449f5dd313bdc88befc1a2d3138ce45c5e7d5eeee84221e3cf7fbc184b80d3?s=96&d=mm&r=g","url":"https:\/\/secure.gravatar.com\/avatar\/82449f5dd313bdc88befc1a2d3138ce45c5e7d5eeee84221e3cf7fbc184b80d3?s=96&d=mm&r=g","height":96,"width":96}},"publisher":{"@type":"Organization","name":"ovod.cz","logo":{"@type":"ImageObject","@id":"\/logo.png","url":"\/logo.png","width":600,"height":60}},"url":"https:\/\/www.ovod.cz\/na-vedomi-se-dava\/","wordCount":183,"articleBody":"Dejte pros\u00edm na v\u011bdom\u00ed v\u0161em va\u0161im p\u0159\u00e1tel\u016fm a zn\u00e1m\u00fdm, a samoz\u0159ejm\u011b cel\u00e9 \u0161irok\u00e9 a rozv\u011btven\u00e9 rodin\u011b, \u017ee se schyluje ke dni, kter\u00fd by m\u011bl b\u00fdt spr\u00e1vn\u011b naps\u00e1n b\u00edlou k\u0159\u00eddou do kom\u00edna, aby mohl vyk\u0159i\u010det do cel\u00e9ho sv\u011bta onu radostnou ud\u00e1lost, \u017ee pr\u00e1v\u011b vy budete nev\u011bstou a pr\u00e1v\u011b vy se stanete \u017eenichem. Mnohem lep\u0161\u00ed ne\u017e b\u00edl\u00e1 k\u0159\u00edda na tmav\u00e9m kom\u00edn\u011b v\u0161ak bude kr\u00e1sn\u00e9 svatebn\u00ed ozn\u00e1men\u00ed, kter\u00e9 by m\u011blo b\u00fdt rovn\u011b\u017e origin\u00e1ln\u00ed a spl\u0148ovat va\u0161e p\u0159edstavy. Srde\u010dn\u011b blahop\u0159ejeme Je to tradi\u010dn\u00ed, je to kr\u00e1sn\u00e9. Svatebn\u00ed ozn\u00e1men\u00ed nebylo doposud p\u0159ekon\u00e1no \u017e\u00e1dnou jinou formou sd\u011blen\u00ed o tom, \u017ee pan a pan\u00ed \u010di sle\u010dna za\u010dnou kr\u00e1\u010det bok po boku dal\u0161\u00edm spole\u010dn\u00fdm \u017eivotem. P\u0159ejeme v\u00e1m ze srdce, aby toto vykro\u010den\u00ed do spole\u010dn\u00e9ho \u017eivota bylo opravdu tou spr\u00e1vnou nohou. Mnoho \u0161t\u011bst\u00ed.                                                                                                                                                                                                                                                                                                                                                                                                "},{"@context":"https:\/\/schema.org\/","@type":"BreadcrumbList","itemListElement":[{"@type":"ListItem","position":1,"name":"Na v\u011bdom\u00ed se d\u00e1v\u00e1\u2026","item":"https:\/\/www.ovod.cz\/na-vedomi-se-dava\/#breadcrumbitem"}]}]