[{"@context":"https:\/\/schema.org\/","@type":"Article","@id":"https:\/\/www.ovod.cz\/klimatizace-nejen-pro-horke-letni-dny\/#Article","mainEntityOfPage":"https:\/\/www.ovod.cz\/klimatizace-nejen-pro-horke-letni-dny\/","headline":"Klimatizace \u2013 nejen pro hork\u00e9 letn\u00ed dny","name":"Klimatizace \u2013 nejen pro hork\u00e9 letn\u00ed dny","description":"Pry\u010d jsou \u010dasy, kdy jsme si vysta\u010dili s oby\u010dejn\u00fdmi v\u011btr\u00e1ky na st\u016fl \u010di otev\u0159en\u00fdmi okny. L\u00e9to posledn\u00ed roky p\u0159in\u00e1\u0161\u00ed daleko vy\u0161\u0161\u00ed teploty, ne\u017e jsme byli zvykl\u00ed a s t\u00edm souvis\u00ed tak\u00e9 nemo\u017enost udr\u017eet v bytech, domech a dal\u0161\u00edch interi\u00e9rov\u00fdch prostorech chladn\u00e9 ovzdu\u0161\u00ed. Doposud n\u00e1m byl interi\u00e9r o\u00e1zou p\u0159ed hork\u00fdmi letn\u00edmi dny venku, ale najednou se [&hellip;]","datePublished":"2018-06-16","dateModified":"2023-05-01","author":{"@type":"Person","@id":"https:\/\/www.ovod.cz\/author\/#Person","name":"","url":"https:\/\/www.ovod.cz\/author\/","identifier":1,"image":{"@type":"ImageObject","@id":"https:\/\/secure.gravatar.com\/avatar\/82449f5dd313bdc88befc1a2d3138ce45c5e7d5eeee84221e3cf7fbc184b80d3?s=96&d=mm&r=g","url":"https:\/\/secure.gravatar.com\/avatar\/82449f5dd313bdc88befc1a2d3138ce45c5e7d5eeee84221e3cf7fbc184b80d3?s=96&d=mm&r=g","height":96,"width":96}},"publisher":{"@type":"Organization","name":"ovod.cz","logo":{"@type":"ImageObject","@id":"\/logo.png","url":"\/logo.png","width":600,"height":60}},"image":{"@type":"ImageObject","@id":"https:\/\/www.ovod.cz\/wp-content\/uploads\/img_a322682_w2513_t1534404452.jpg","url":"https:\/\/www.ovod.cz\/wp-content\/uploads\/img_a322682_w2513_t1534404452.jpg","height":0,"width":0},"url":"https:\/\/www.ovod.cz\/klimatizace-nejen-pro-horke-letni-dny\/","about":["N\u00e1kupy"],"wordCount":399,"articleBody":"       Pry\u010d jsou \u010dasy, kdy jsme si vysta\u010dili s oby\u010dejn\u00fdmi v\u011btr\u00e1ky na st\u016fl \u010di otev\u0159en\u00fdmi okny. L\u00e9to posledn\u00ed roky p\u0159in\u00e1\u0161\u00ed daleko vy\u0161\u0161\u00ed teploty, ne\u017e jsme byli zvykl\u00ed a s t\u00edm souvis\u00ed tak\u00e9 nemo\u017enost udr\u017eet v bytech, domech a dal\u0161\u00edch interi\u00e9rov\u00fdch prostorech chladn\u00e9 ovzdu\u0161\u00ed.  Doposud n\u00e1m byl interi\u00e9r o\u00e1zou p\u0159ed hork\u00fdmi letn\u00edmi dny venku, ale najednou se st\u00e1v\u00e1 sp\u00ed\u0161 v\u011bzen\u00edm, ve kter\u00e9m se ned\u00e1 pro vysokou teplotu vzduchu vydr\u017eet. A tak lid\u00e9 hledaj\u00ed mo\u017enosti, kter\u00e9 by jim zajistili pot\u0159ebn\u00fd komfort v podob\u011b chladn\u00e9ho vzduchu v interi\u00e9ru. A takov\u00fdm prost\u0159edkem je bez pochyb https:\/\/elmontech.cz\/klimatizace\/. Klimatizace se st\u00e1v\u00e1 trendem posledn\u00ed doby a pom\u00e1h\u00e1 udr\u017eet v m\u00edstnostech optim\u00e1ln\u00ed teplotu. D\u00edky n\u00ed se m\u016f\u017eete v noci vyspat, i kdy\u017e jsou no\u010dn\u00ed teploty vysok\u00e9 a p\u0159es den se skr\u00fdt p\u0159ed z\u00e1\u0159\u00edc\u00edm slun\u00ed\u010dkem a tropick\u00fdmi vedry. A p\u0159i tom v\u0161em se moct v\u011bnovat sv\u00e9 pr\u00e1ci a dal\u0161\u00edm povinnostem. Klimatiza\u010dn\u00ed za\u0159\u00edzen\u00ed pracuje na principu nas\u00e1v\u00e1n\u00ed hork\u00e9ho vzduchu a pou\u0161t\u011bn\u00ed vzduchu chladn\u00e9ho. T\u00edm vznik\u00e1 po\u017eadovan\u00fd efekt ochlazov\u00e1n\u00ed vzduchu. Pokud si po\u0159\u00edd\u00edte profesion\u00e1ln\u011bj\u0161\u00ed \u0159e\u0161en\u00ed s vy\u0161\u0161\u00ed investic\u00ed, jako jsou prostorov\u00e9 klimatizace montovan\u00e9 na pevno, tak m\u016f\u017eete t\u00edmto zp\u016fsobem chladit i v\u00edce m\u00edstnost\u00ed najednou. Krom\u011b toho si m\u016f\u017eete po\u0159\u00eddit i za\u0159\u00edzen\u00ed multifunk\u010dn\u00ed, kter\u00e9 m\u016f\u017eete vyu\u017e\u00edvat nejen v l\u00e9t\u011b pro hork\u00e9 letn\u00ed dny, ale i v zim\u011b jako vyt\u00e1p\u011bn\u00ed. Multifunk\u010dn\u00ed klimatizace um\u00ed ovzdu\u0161\u00ed tak\u00e9 v\u011btrat, zvlh\u010dovat, odvlh\u010dovat \u010di zbavovat ne\u010distot, prachu a z\u00e1pachu.  S takov\u00fdm za\u0159\u00edzen\u00edm se u\u017e budete m\u00edt jako v bavlnce a ned\u00e1te na n\u011bj dopustit.  D\u016fle\u017eit\u00e9 je vybrat si spr\u00e1vn\u00e9 \u0159e\u0161en\u00ed pro v\u00e1\u0161 interi\u00e9r. S v\u00fdb\u011brem v\u00e1m porad\u00ed p\u0159\u00edmo prodejci s profesion\u00e1ln\u00edm p\u0159\u00edstupem, kter\u00fdm z\u00e1le\u017e\u00ed na va\u0161\u00ed spokojenosti. Tak\u017ee nebudete muset tipovat, kter\u00e9 za\u0159\u00edzen\u00ed si vybrat, ale vyberete si p\u0159esn\u011b to, kter\u00e9 bude vyhovovat va\u0161im pot\u0159eb\u00e1m a mo\u017enostem.                                                                                                                                                                                                                                                                                                                                                                                          4\/5 - (9 votes)        "},{"@context":"https:\/\/schema.org\/","@type":"BreadcrumbList","itemListElement":[{"@type":"ListItem","position":1,"name":"Klimatizace \u2013 nejen pro hork\u00e9 letn\u00ed dny","item":"https:\/\/www.ovod.cz\/klimatizace-nejen-pro-horke-letni-dny\/#breadcrumbitem"}]}]