{"@context":"https:\/\/schema.org\/","@type":"CollectionPage","@id":"https:\/\/www.ovod.cz\/business\/#CollectionPage","headline":"Business Category","description":"","url":"https:\/\/www.ovod.cz\/business\/","hasPart":[{"@type":"Article","@id":"https:\/\/www.ovod.cz\/uspet-muzete-i-s-vlastnim-blogem\/","headline":"Usp\u011bt m\u016f\u017eete i s vlastn\u00edm blogem","url":"https:\/\/www.ovod.cz\/uspet-muzete-i-s-vlastnim-blogem\/","datePublished":"2020-05-18","dateModified":"2023-05-01","mainEntityOfPage":"https:\/\/www.ovod.cz\/uspet-muzete-i-s-vlastnim-blogem\/","author":{"@type":"Person","@id":"https:\/\/www.ovod.cz\/author\/#Person","name":"","url":"https:\/\/www.ovod.cz\/author\/","identifier":1,"image":{"@type":"ImageObject","@id":"https:\/\/secure.gravatar.com\/avatar\/82449f5dd313bdc88befc1a2d3138ce45c5e7d5eeee84221e3cf7fbc184b80d3?s=96&d=mm&r=g","url":"https:\/\/secure.gravatar.com\/avatar\/82449f5dd313bdc88befc1a2d3138ce45c5e7d5eeee84221e3cf7fbc184b80d3?s=96&d=mm&r=g","height":96,"width":96}},"publisher":{"@type":"Organization","name":"ovod.cz","logo":{"@type":"ImageObject","@id":"\/logo.png","url":"\/logo.png","width":600,"height":60}},"image":{"@type":"ImageObject","@id":"https:\/\/www.ovod.cz\/wp-content\/uploads\/Seo%20je%20d%C5%AFle%C5%BEit%C3%A9_1.jpg","url":"https:\/\/www.ovod.cz\/wp-content\/uploads\/Seo%20je%20d%C5%AFle%C5%BEit%C3%A9_1.jpg","height":0,"width":0},"keywords":null},{"@type":"Article","@id":"https:\/\/www.ovod.cz\/kam-na-pivo\/","headline":"Kam na pivo?","url":"https:\/\/www.ovod.cz\/kam-na-pivo\/","datePublished":"2020-05-09","dateModified":"2023-05-01","mainEntityOfPage":"https:\/\/www.ovod.cz\/kam-na-pivo\/","author":{"@type":"Person","@id":"https:\/\/www.ovod.cz\/author\/#Person","name":"","url":"https:\/\/www.ovod.cz\/author\/","identifier":1,"image":{"@type":"ImageObject","@id":"https:\/\/secure.gravatar.com\/avatar\/82449f5dd313bdc88befc1a2d3138ce45c5e7d5eeee84221e3cf7fbc184b80d3?s=96&d=mm&r=g","url":"https:\/\/secure.gravatar.com\/avatar\/82449f5dd313bdc88befc1a2d3138ce45c5e7d5eeee84221e3cf7fbc184b80d3?s=96&d=mm&r=g","height":96,"width":96}},"publisher":{"@type":"Organization","name":"ovod.cz","logo":{"@type":"ImageObject","@id":"\/logo.png","url":"\/logo.png","width":600,"height":60}},"image":{"@type":"ImageObject","@id":"https:\/\/www.ovod.cz\/wp-content\/uploads\/rozlehl%C3%A1%20hospoda.jpg","url":"https:\/\/www.ovod.cz\/wp-content\/uploads\/rozlehl%C3%A1%20hospoda.jpg","height":0,"width":0},"keywords":null},{"@type":"Article","@id":"https:\/\/www.ovod.cz\/nove-sesterske-mesto-prahy\/","headline":"Nov\u00e9 sestersk\u00e9 m\u011bsto Prahy","url":"https:\/\/www.ovod.cz\/nove-sesterske-mesto-prahy\/","datePublished":"2020-01-09","dateModified":"2023-05-01","mainEntityOfPage":"https:\/\/www.ovod.cz\/nove-sesterske-mesto-prahy\/","author":{"@type":"Person","@id":"https:\/\/www.ovod.cz\/author\/#Person","name":"","url":"https:\/\/www.ovod.cz\/author\/","identifier":1,"image":{"@type":"ImageObject","@id":"https:\/\/secure.gravatar.com\/avatar\/82449f5dd313bdc88befc1a2d3138ce45c5e7d5eeee84221e3cf7fbc184b80d3?s=96&d=mm&r=g","url":"https:\/\/secure.gravatar.com\/avatar\/82449f5dd313bdc88befc1a2d3138ce45c5e7d5eeee84221e3cf7fbc184b80d3?s=96&d=mm&r=g","height":96,"width":96}},"publisher":{"@type":"Organization","name":"ovod.cz","logo":{"@type":"ImageObject","@id":"\/logo.png","url":"\/logo.png","width":600,"height":60}},"image":{"@type":"ImageObject","@id":"https:\/\/www.ovod.cz\/wp-content\/uploads\/img_a367991_w3091_t1580370757.jpg","url":"https:\/\/www.ovod.cz\/wp-content\/uploads\/img_a367991_w3091_t1580370757.jpg","height":0,"width":0},"keywords":null},{"@type":"Article","@id":"https:\/\/www.ovod.cz\/ordinace-dentisty-nemusi-byt-vas-postrach\/","headline":"Ordinace dentisty nemus\u00ed b\u00fdt v\u00e1\u0161 postrach","url":"https:\/\/www.ovod.cz\/ordinace-dentisty-nemusi-byt-vas-postrach\/","datePublished":"2019-07-22","dateModified":"2023-05-01","mainEntityOfPage":"https:\/\/www.ovod.cz\/ordinace-dentisty-nemusi-byt-vas-postrach\/","author":{"@type":"Person","@id":"https:\/\/www.ovod.cz\/author\/#Person","name":"","url":"https:\/\/www.ovod.cz\/author\/","identifier":1,"image":{"@type":"ImageObject","@id":"https:\/\/secure.gravatar.com\/avatar\/82449f5dd313bdc88befc1a2d3138ce45c5e7d5eeee84221e3cf7fbc184b80d3?s=96&d=mm&r=g","url":"https:\/\/secure.gravatar.com\/avatar\/82449f5dd313bdc88befc1a2d3138ce45c5e7d5eeee84221e3cf7fbc184b80d3?s=96&d=mm&r=g","height":96,"width":96}},"publisher":{"@type":"Organization","name":"ovod.cz","logo":{"@type":"ImageObject","@id":"\/logo.png","url":"\/logo.png","width":600,"height":60}},"image":{"@type":"ImageObject","@id":"https:\/\/www.ovod.cz\/wp-content\/uploads\/img_a353054_w1710_t1567320536.jpg","url":"https:\/\/www.ovod.cz\/wp-content\/uploads\/img_a353054_w1710_t1567320536.jpg","height":0,"width":0},"keywords":null},{"@type":"Article","@id":"https:\/\/www.ovod.cz\/palety-morava-jako-vychozi-surovina-pro-vyrobu-netradicniho-nabytku\/","headline":"Palety Morava jako v\u00fdchoz\u00ed surovina pro v\u00fdrobu netradi\u010dn\u00edho n\u00e1bytku","url":"https:\/\/www.ovod.cz\/palety-morava-jako-vychozi-surovina-pro-vyrobu-netradicniho-nabytku\/","datePublished":"2019-03-11","dateModified":"2024-04-30","mainEntityOfPage":"https:\/\/www.ovod.cz\/palety-morava-jako-vychozi-surovina-pro-vyrobu-netradicniho-nabytku\/","author":{"@type":"Person","@id":"https:\/\/www.ovod.cz\/author\/#Person","name":"","url":"https:\/\/www.ovod.cz\/author\/","identifier":1,"image":{"@type":"ImageObject","@id":"https:\/\/secure.gravatar.com\/avatar\/82449f5dd313bdc88befc1a2d3138ce45c5e7d5eeee84221e3cf7fbc184b80d3?s=96&d=mm&r=g","url":"https:\/\/secure.gravatar.com\/avatar\/82449f5dd313bdc88befc1a2d3138ce45c5e7d5eeee84221e3cf7fbc184b80d3?s=96&d=mm&r=g","height":96,"width":96}},"publisher":{"@type":"Organization","name":"ovod.cz","logo":{"@type":"ImageObject","@id":"\/logo.png","url":"\/logo.png","width":600,"height":60}},"image":{"@type":"ImageObject","@id":"https:\/\/www.ovod.cz\/wp-content\/uploads\/img_a341997_w1693_t1554895894.png","url":"https:\/\/www.ovod.cz\/wp-content\/uploads\/img_a341997_w1693_t1554895894.png","height":0,"width":0},"keywords":null},{"@type":"Article","@id":"https:\/\/www.ovod.cz\/vyrazte-na-paradni-dovolenou-s-celou-partou-pratel\/","headline":"Vyrazte na par\u00e1dn\u00ed dovolenou s celou partou p\u0159\u00e1tel","url":"https:\/\/www.ovod.cz\/vyrazte-na-paradni-dovolenou-s-celou-partou-pratel\/","datePublished":"2018-07-01","dateModified":"2023-05-01","mainEntityOfPage":"https:\/\/www.ovod.cz\/vyrazte-na-paradni-dovolenou-s-celou-partou-pratel\/","author":{"@type":"Person","@id":"https:\/\/www.ovod.cz\/author\/#Person","name":"","url":"https:\/\/www.ovod.cz\/author\/","identifier":1,"image":{"@type":"ImageObject","@id":"https:\/\/secure.gravatar.com\/avatar\/82449f5dd313bdc88befc1a2d3138ce45c5e7d5eeee84221e3cf7fbc184b80d3?s=96&d=mm&r=g","url":"https:\/\/secure.gravatar.com\/avatar\/82449f5dd313bdc88befc1a2d3138ce45c5e7d5eeee84221e3cf7fbc184b80d3?s=96&d=mm&r=g","height":96,"width":96}},"publisher":{"@type":"Organization","name":"ovod.cz","logo":{"@type":"ImageObject","@id":"\/logo.png","url":"\/logo.png","width":600,"height":60}},"image":{"@type":"ImageObject","@id":"https:\/\/www.ovod.cz\/wp-content\/uploads\/img_a320673_w1755_t1531986075.png","url":"https:\/\/www.ovod.cz\/wp-content\/uploads\/img_a320673_w1755_t1531986075.png","height":0,"width":0},"keywords":null}]}